{"id":85,"date":"2026-08-24T14:22:58","date_gmt":"2026-08-24T14:22:58","guid":{"rendered":"https:\/\/unionempresarial.com.br\/blog\/?p=85"},"modified":"2026-08-24T14:22:58","modified_gmt":"2026-08-24T14:22:58","slug":"contabilidade-para-profissionais-liberais-5-desafios","status":"publish","type":"post","link":"https:\/\/unionempresarial.com.br\/blog\/contabilidade-para-profissionais-liberais-5-desafios\/","title":{"rendered":"Contabilidade para profissionais liberais: 5 desafios"},"content":{"rendered":"\n<h2 class=\"wp-block-heading\">Conhe\u00e7a os 5 principais desafios cont\u00e1beis dos profissionais liberais e veja como organizar impostos, finan\u00e7as e decis\u00f5es para trabalhar com mais seguran\u00e7a.<\/h2>\n\n\n\n<p class=\"wp-block-paragraph\">M\u00e9dicos, dentistas, psic\u00f3logos, advogados, arquitetos, engenheiros, consultores e tantos outros profissionais liberais costumam dedicar anos ao desenvolvimento de suas compet\u00eancias t\u00e9cnicas.<\/p>\n\n\n\n<p class=\"wp-block-paragraph\">Mas existe uma \u00e1rea importante que, muitas vezes, n\u00e3o fez parte dessa forma\u00e7\u00e3o: <strong>a gest\u00e3o cont\u00e1bil e financeira da pr\u00f3pria atividade profissional<\/strong>.<\/p>\n\n\n\n<p class=\"wp-block-paragraph\">E \u00e9 justamente a\u00ed que come\u00e7am muitas d\u00favidas.<\/p>\n\n\n\n<p class=\"wp-block-paragraph\">Vale mais a pena trabalhar como pessoa f\u00edsica ou abrir uma empresa? Quais impostos precisam ser pagos? Como registrar corretamente as receitas e despesas? O que pode ser deduzido? Como evitar que o dinheiro profissional se misture com as contas pessoais?<\/p>\n\n\n\n<p class=\"wp-block-paragraph\">S\u00e3o perguntas que parecem burocr\u00e1ticas, mas que podem influenciar diretamente a rentabilidade, a seguran\u00e7a e o crescimento da atividade.<\/p>\n\n\n\n<p class=\"wp-block-paragraph\">A seguir, conhe\u00e7a <strong>5 dos maiores desafios enfrentados pelos profissionais liberais quando o assunto \u00e9 contabilidade<\/strong> \u2014 e entenda por que uma boa organiza\u00e7\u00e3o pode fazer tanta diferen\u00e7a.<\/p>\n\n\n\n<h2 class=\"wp-block-heading\">1. Saber se \u00e9 melhor atuar como pessoa f\u00edsica ou pessoa jur\u00eddica<\/h2>\n\n\n\n<p class=\"wp-block-paragraph\">Esse costuma ser um dos primeiros grandes questionamentos.<\/p>\n\n\n\n<p class=\"wp-block-paragraph\">Um profissional liberal pode, dependendo de sua atividade e das regras aplic\u00e1veis, prestar seus servi\u00e7os como <strong>pessoa f\u00edsica<\/strong> ou estruturar sua atua\u00e7\u00e3o por meio de uma <strong>pessoa jur\u00eddica<\/strong>.<\/p>\n\n\n\n<p class=\"wp-block-paragraph\">E n\u00e3o existe uma resposta \u00fanica que sirva para todo mundo.<\/p>\n\n\n\n<p class=\"wp-block-paragraph\">A escolha adequada depende de fatores como:<\/p>\n\n\n\n<ul class=\"wp-block-list\">\n<li>faturamento;<\/li>\n\n\n\n<li>tipo de atividade;<\/li>\n\n\n\n<li>perfil dos clientes;<\/li>\n\n\n\n<li>despesas da opera\u00e7\u00e3o;<\/li>\n\n\n\n<li>estrutura necess\u00e1ria para trabalhar;<\/li>\n\n\n\n<li>exist\u00eancia ou n\u00e3o de funcion\u00e1rios;<\/li>\n\n\n\n<li>regras do conselho profissional;<\/li>\n\n\n\n<li>legisla\u00e7\u00e3o municipal;<\/li>\n\n\n\n<li>possibilidade de enquadramento em determinados regimes tribut\u00e1rios;<\/li>\n\n\n\n<li>planos de crescimento.<\/li>\n<\/ul>\n\n\n\n<p class=\"wp-block-paragraph\">Por isso, olhar apenas para uma al\u00edquota de imposto pode levar a uma decis\u00e3o equivocada.<\/p>\n\n\n\n<h3 class=\"wp-block-heading\">\u201cEnt\u00e3o abrir um CNPJ sempre significa pagar menos impostos?\u201d<\/h3>\n\n\n\n<p class=\"wp-block-paragraph\">N\u00e3o.<\/p>\n\n\n\n<p class=\"wp-block-paragraph\">Em alguns cen\u00e1rios, operar como empresa pode trazer vantagens tribut\u00e1rias e facilitar a organiza\u00e7\u00e3o do neg\u00f3cio. Em outros, a economia esperada pode n\u00e3o acontecer ou pode ser compensada por outras obriga\u00e7\u00f5es.<\/p>\n\n\n\n<p class=\"wp-block-paragraph\">Tamb\u00e9m \u00e9 importante n\u00e3o confundir <strong>profissional liberal com MEI<\/strong>. O Microempreendedor Individual possui uma lista espec\u00edfica de ocupa\u00e7\u00f5es permitidas, al\u00e9m de outras restri\u00e7\u00f5es. Portanto, n\u00e3o basta exercer uma atividade por conta pr\u00f3pria para automaticamente poder se enquadrar como MEI.<\/p>\n\n\n\n<p class=\"wp-block-paragraph\">O ideal \u00e9 fazer uma an\u00e1lise antes da escolha.<\/p>\n\n\n\n<p class=\"wp-block-paragraph\"><strong>Em vez de perguntar apenas \u201cqual op\u00e7\u00e3o paga menos imposto?\u201d, a pergunta mais completa \u00e9:<\/strong><\/p>\n\n\n\n<blockquote class=\"wp-block-quote is-layout-flow wp-block-quote-is-layout-flow\">\n<p class=\"wp-block-paragraph\">Qual estrutura faz mais sentido para o meu faturamento, minha profiss\u00e3o e meus objetivos?<\/p>\n<\/blockquote>\n\n\n\n<p class=\"wp-block-paragraph\">Essa mudan\u00e7a de perspectiva evita decis\u00f5es baseadas apenas no curto prazo.<\/p>\n\n\n\n<h2 class=\"wp-block-heading\">2. Entender quais impostos e obriga\u00e7\u00f5es precisam ser cumpridos<\/h2>\n\n\n\n<p class=\"wp-block-paragraph\">Atender clientes costuma ser a parte mais natural do trabalho de um profissional liberal.<\/p>\n\n\n\n<p class=\"wp-block-paragraph\">J\u00e1 acompanhar tributos, declara\u00e7\u00f5es, documentos e vencimentos nem sempre \u00e9 t\u00e3o simples.<\/p>\n\n\n\n<p class=\"wp-block-paragraph\">As obriga\u00e7\u00f5es variam conforme a forma de atua\u00e7\u00e3o.<\/p>\n\n\n\n<p class=\"wp-block-paragraph\">Um profissional que trabalha como pessoa f\u00edsica pode ter responsabilidades diferentes daquele que possui uma empresa.<\/p>\n\n\n\n<p class=\"wp-block-paragraph\">Por exemplo, a Receita Federal determina que pessoas f\u00edsicas residentes no Brasil que recebem determinados rendimentos de outras pessoas f\u00edsicas ou do exterior est\u00e3o sujeitas \u00e0 apura\u00e7\u00e3o mensal pelo <strong>Carn\u00ea-Le\u00e3o<\/strong>. Entre os rendimentos abrangidos est\u00e3o os de trabalho sem v\u00ednculo empregat\u00edcio.<\/p>\n\n\n\n<p class=\"wp-block-paragraph\">Al\u00e9m disso, dependendo do caso, podem existir quest\u00f5es relacionadas a:<\/p>\n\n\n\n<ul class=\"wp-block-list\">\n<li>Imposto de Renda;<\/li>\n\n\n\n<li>contribui\u00e7\u00e3o previdenci\u00e1ria;<\/li>\n\n\n\n<li>ISS;<\/li>\n\n\n\n<li>emiss\u00e3o de notas ou recibos;<\/li>\n\n\n\n<li>obriga\u00e7\u00f5es municipais;<\/li>\n\n\n\n<li>declara\u00e7\u00f5es acess\u00f3rias;<\/li>\n\n\n\n<li>reten\u00e7\u00f5es tribut\u00e1rias;<\/li>\n\n\n\n<li>regras espec\u00edficas de determinadas profiss\u00f5es.<\/li>\n<\/ul>\n\n\n\n<p class=\"wp-block-paragraph\">E aqui existe um detalhe importante: <strong>nem tudo \u00e9 definido apenas pela legisla\u00e7\u00e3o federal<\/strong>.<\/p>\n\n\n\n<p class=\"wp-block-paragraph\">O ISS, por exemplo, \u00e9 um tributo municipal. Por isso, cadastro, forma de recolhimento, emiss\u00e3o de documento fiscal e outras regras podem variar conforme o munic\u00edpio e a situa\u00e7\u00e3o do profissional.<\/p>\n\n\n\n<h3 class=\"wp-block-heading\">O problema de administrar tudo \u201cde cabe\u00e7a\u201d<\/h3>\n\n\n\n<p class=\"wp-block-paragraph\">Quando o controle depende da mem\u00f3ria, surgem riscos como:<\/p>\n\n\n\n<ul class=\"wp-block-list\">\n<li>pagamentos em atraso;<\/li>\n\n\n\n<li>multas e juros;<\/li>\n\n\n\n<li>informa\u00e7\u00f5es declaradas incorretamente;<\/li>\n\n\n\n<li>documentos esquecidos;<\/li>\n\n\n\n<li>impostos pagos de forma inadequada;<\/li>\n\n\n\n<li>perda de oportunidades de planejamento.<\/li>\n<\/ul>\n\n\n\n<p class=\"wp-block-paragraph\">O profissional n\u00e3o precisa decorar toda a legisla\u00e7\u00e3o tribut\u00e1ria.<\/p>\n\n\n\n<p class=\"wp-block-paragraph\">Mas precisa ter uma estrutura que permita <strong>cumprir as obriga\u00e7\u00f5es certas, no momento certo e da forma correta<\/strong>.<\/p>\n\n\n\n<p class=\"wp-block-paragraph\">\u00c9 justamente a\u00ed que a contabilidade deixa de ser apenas burocracia e passa a funcionar como uma ferramenta de seguran\u00e7a.<\/p>\n\n\n\n<h2 class=\"wp-block-heading\">3. Separar o dinheiro profissional das finan\u00e7as pessoais<\/h2>\n\n\n\n<p class=\"wp-block-paragraph\">Imagine a seguinte situa\u00e7\u00e3o:<\/p>\n\n\n\n<p class=\"wp-block-paragraph\">O pagamento de um cliente entra na conta.<\/p>\n\n\n\n<p class=\"wp-block-paragraph\">No mesmo dia, desse dinheiro saem:<\/p>\n\n\n\n<ul class=\"wp-block-list\">\n<li>uma despesa do consult\u00f3rio ou escrit\u00f3rio;<\/li>\n\n\n\n<li>a fatura pessoal do cart\u00e3o;<\/li>\n\n\n\n<li>uma assinatura profissional;<\/li>\n\n\n\n<li>uma compra no supermercado;<\/li>\n\n\n\n<li>o pagamento de um fornecedor;<\/li>\n\n\n\n<li>uma viagem de f\u00e9rias.<\/li>\n<\/ul>\n\n\n\n<p class=\"wp-block-paragraph\">No fim do m\u00eas, a conta ainda tem saldo.<\/p>\n\n\n\n<p class=\"wp-block-paragraph\">Mas uma pergunta simples se torna dif\u00edcil:<\/p>\n\n\n\n<p class=\"wp-block-paragraph\"><strong>quanto a atividade profissional realmente gerou de resultado?<\/strong><\/p>\n\n\n\n<p class=\"wp-block-paragraph\">Esse \u00e9 um problema bastante comum quando n\u00e3o existe separa\u00e7\u00e3o entre as finan\u00e7as pessoais e profissionais.<\/p>\n\n\n\n<h3 class=\"wp-block-heading\">Faturamento n\u00e3o \u00e9 a mesma coisa que lucro<\/h3>\n\n\n\n<p class=\"wp-block-paragraph\">Receber R$ 20 mil em um m\u00eas, por exemplo, n\u00e3o significa ter ganhado R$ 20 mil.<\/p>\n\n\n\n<p class=\"wp-block-paragraph\">Do faturamento podem sair despesas necess\u00e1rias para manter a atividade, tributos, profissionais contratados, aluguel, tecnologia, materiais e diversos outros custos.<\/p>\n\n\n\n<p class=\"wp-block-paragraph\">Sem controle, o profissional pode ter a impress\u00e3o de que est\u00e1 ganhando mais \u2014 ou menos \u2014 do que realmente est\u00e1.<\/p>\n\n\n\n<h3 class=\"wp-block-heading\">Organiza\u00e7\u00e3o financeira tamb\u00e9m pode ter impacto tribut\u00e1rio<\/h3>\n\n\n\n<p class=\"wp-block-paragraph\">Para profissionais que atuam como pessoa f\u00edsica, o controle correto das despesas pode ser especialmente relevante.<\/p>\n\n\n\n<p class=\"wp-block-paragraph\">A Receita Federal prev\u00ea que determinadas despesas necess\u00e1rias \u00e0 atividade profissional, quando atendidos os requisitos e devidamente escrituradas no <strong>Livro Caixa<\/strong>, podem ser consideradas na apura\u00e7\u00e3o conforme as regras aplic\u00e1veis. Entre os exemplos oficiais est\u00e3o despesas de custeio indispens\u00e1veis \u00e0 atividade, como aluguel de sala comercial, \u00e1gua, luz, telefone, materiais e contrata\u00e7\u00e3o de pessoal. Existem, por\u00e9m, limites e despesas que n\u00e3o podem ser deduzidas.<\/p>\n\n\n\n<p class=\"wp-block-paragraph\">Ou seja: simplesmente guardar comprovantes em uma gaveta n\u00e3o \u00e9 planejamento.<\/p>\n\n\n\n<p class=\"wp-block-paragraph\">\u00c9 necess\u00e1rio saber:<\/p>\n\n\n\n<ul class=\"wp-block-list\">\n<li>quais despesas s\u00e3o profissionais;<\/li>\n\n\n\n<li>quais documentos precisam ser mantidos;<\/li>\n\n\n\n<li>quais lan\u00e7amentos podem ser realizados;<\/li>\n\n\n\n<li>quais regras precisam ser observadas.<\/li>\n<\/ul>\n\n\n\n<p class=\"wp-block-paragraph\">Uma rotina financeira organizada melhora tanto a gest\u00e3o quanto a qualidade das informa\u00e7\u00f5es usadas na contabilidade.<\/p>\n\n\n\n<h2 class=\"wp-block-heading\">4. Emitir corretamente notas, recibos e documentos fiscais<\/h2>\n\n\n\n<p class=\"wp-block-paragraph\">\u201cPreciso emitir nota?\u201d<\/p>\n\n\n\n<p class=\"wp-block-paragraph\">\u201cPosso emitir recibo?\u201d<\/p>\n\n\n\n<p class=\"wp-block-paragraph\">\u201cQual sistema devo usar?\u201d<\/p>\n\n\n\n<p class=\"wp-block-paragraph\">\u201cMeu cliente \u00e9 pessoa f\u00edsica. Muda alguma coisa?\u201d<\/p>\n\n\n\n<p class=\"wp-block-paragraph\">Essas d\u00favidas aparecem com frequ\u00eancia na rotina de profissionais liberais.<\/p>\n\n\n\n<p class=\"wp-block-paragraph\">E a resposta depende da profiss\u00e3o, da forma de atua\u00e7\u00e3o, da localidade e do tipo de servi\u00e7o prestado.<\/p>\n\n\n\n<p class=\"wp-block-paragraph\">O erro \u00e9 tratar a documenta\u00e7\u00e3o fiscal como uma simples formalidade.<\/p>\n\n\n\n<p class=\"wp-block-paragraph\">Ela faz parte do registro financeiro da atividade e pode afetar tanto o profissional quanto o cliente.<\/p>\n\n\n\n<h3 class=\"wp-block-heading\">Algumas profiss\u00f5es possuem obriga\u00e7\u00f5es espec\u00edficas<\/h3>\n\n\n\n<p class=\"wp-block-paragraph\">Um exemplo atual est\u00e1 na \u00e1rea da sa\u00fade.<\/p>\n\n\n\n<p class=\"wp-block-paragraph\">O sistema <strong>Receita Sa\u00fade<\/strong>, da Receita Federal, contempla profissionais como m\u00e9dicos, dentistas, psic\u00f3logos, fisioterapeutas, fonoaudi\u00f3logos e terapeutas ocupacionais que atuam nas condi\u00e7\u00f5es previstas para emiss\u00e3o do recibo eletr\u00f4nico. O pr\u00f3prio sistema se integra ao Carn\u00ea-Le\u00e3o Web.<\/p>\n\n\n\n<p class=\"wp-block-paragraph\">Esse \u00e9 um bom exemplo de como as regras podem mudar e se tornar cada vez mais digitais.<\/p>\n\n\n\n<p class=\"wp-block-paragraph\">Por isso, um processo que funcionava h\u00e1 alguns anos n\u00e3o deve necessariamente continuar sendo adotado sem revis\u00e3o.<\/p>\n\n\n\n<h3 class=\"wp-block-heading\">Documenta\u00e7\u00e3o correta traz rastreabilidade<\/h3>\n\n\n\n<p class=\"wp-block-paragraph\">Uma boa rotina deve permitir identificar:<\/p>\n\n\n\n<ul class=\"wp-block-list\">\n<li>quanto foi recebido;<\/li>\n\n\n\n<li>de quem;<\/li>\n\n\n\n<li>por qual servi\u00e7o;<\/li>\n\n\n\n<li>quando ocorreu o recebimento;<\/li>\n\n\n\n<li>qual documento foi emitido;<\/li>\n\n\n\n<li>quais impostos ou obriga\u00e7\u00f5es est\u00e3o relacionados \u00e0 opera\u00e7\u00e3o.<\/li>\n<\/ul>\n\n\n\n<p class=\"wp-block-paragraph\">Isso facilita a contabilidade, reduz inconsist\u00eancias e d\u00e1 ao pr\u00f3prio profissional uma vis\u00e3o mais confi\u00e1vel do neg\u00f3cio.<\/p>\n\n\n\n<h2 class=\"wp-block-heading\">5. Deixar de olhar a contabilidade apenas como obriga\u00e7\u00e3o e us\u00e1-la para tomar decis\u00f5es<\/h2>\n\n\n\n<p class=\"wp-block-paragraph\">Talvez este seja o desafio mais importante de todos.<\/p>\n\n\n\n<p class=\"wp-block-paragraph\">Muitos profissionais liberais procuram a contabilidade apenas quando chega o momento de:<\/p>\n\n\n\n<ul class=\"wp-block-list\">\n<li>declarar o Imposto de Renda;<\/li>\n\n\n\n<li>pagar uma guia;<\/li>\n\n\n\n<li>resolver uma pend\u00eancia;<\/li>\n\n\n\n<li>abrir um CNPJ;<\/li>\n\n\n\n<li>responder a alguma exig\u00eancia.<\/li>\n<\/ul>\n\n\n\n<p class=\"wp-block-paragraph\">S\u00f3 que a contabilidade pode fazer muito mais do que isso.<\/p>\n\n\n\n<p class=\"wp-block-paragraph\">Quando os dados est\u00e3o organizados, eles ajudam a responder perguntas estrat\u00e9gicas.<\/p>\n\n\n\n<h3 class=\"wp-block-heading\">Quanto preciso faturar para manter minha estrutura?<\/h3>\n\n\n\n<p class=\"wp-block-paragraph\">Conhecer os custos da atividade ajuda a estabelecer metas mais realistas.<\/p>\n\n\n\n<h3 class=\"wp-block-heading\">Meu pre\u00e7o est\u00e1 adequado?<\/h3>\n\n\n\n<p class=\"wp-block-paragraph\">Cobrar apenas com base no valor praticado por outros profissionais ignora a pr\u00f3pria estrutura de custos, tributa\u00e7\u00e3o e objetivos financeiros.<\/p>\n\n\n\n<h3 class=\"wp-block-heading\">Posso contratar algu\u00e9m?<\/h3>\n\n\n\n<p class=\"wp-block-paragraph\">Antes de assumir um novo custo fixo, \u00e9 poss\u00edvel analisar se o caixa e a gera\u00e7\u00e3o de receita comportam essa decis\u00e3o.<\/p>\n\n\n\n<h3 class=\"wp-block-heading\">Est\u00e1 na hora de abrir uma empresa?<\/h3>\n\n\n\n<p class=\"wp-block-paragraph\">A evolu\u00e7\u00e3o do faturamento e da estrutura profissional pode indicar quando vale a pena reavaliar a forma de atua\u00e7\u00e3o.<\/p>\n\n\n\n<h3 class=\"wp-block-heading\">Consigo investir em um novo consult\u00f3rio, equipamento ou escrit\u00f3rio?<\/h3>\n\n\n\n<p class=\"wp-block-paragraph\">Uma an\u00e1lise financeira adequada ajuda a entender o impacto do investimento antes de comprometer o caixa.<\/p>\n\n\n\n<p class=\"wp-block-paragraph\">Perceba a diferen\u00e7a.<\/p>\n\n\n\n<p class=\"wp-block-paragraph\">A contabilidade deixa de responder apenas:<\/p>\n\n\n\n<p class=\"wp-block-paragraph\"><strong>\u201cQuanto eu tenho que pagar?\u201d<\/strong><\/p>\n\n\n\n<p class=\"wp-block-paragraph\">E passa a ajudar a responder:<\/p>\n\n\n\n<p class=\"wp-block-paragraph\"><strong>\u201cQual decis\u00e3o faz mais sentido para o meu neg\u00f3cio?\u201d<\/strong><\/p>\n\n\n\n<p class=\"wp-block-paragraph\">Essa \u00e9 a ess\u00eancia de uma contabilidade mais consultiva.<\/p>\n\n\n\n<h2 class=\"wp-block-heading\">Afinal, profissional liberal precisa de contador?<\/h2>\n\n\n\n<p class=\"wp-block-paragraph\">A resposta depende da forma de atua\u00e7\u00e3o e das obriga\u00e7\u00f5es existentes em cada caso. Por\u00e9m, mesmo quando a contrata\u00e7\u00e3o de um contador n\u00e3o \u00e9 exigida para determinada rotina espec\u00edfica, o apoio cont\u00e1bil pode evitar que decis\u00f5es importantes sejam tomadas sem uma an\u00e1lise adequada.<\/p>\n\n\n\n<p class=\"wp-block-paragraph\">Isso ganha relev\u00e2ncia especialmente quando h\u00e1:<\/p>\n\n\n\n<ul class=\"wp-block-list\">\n<li>crescimento do faturamento;<\/li>\n\n\n\n<li>inten\u00e7\u00e3o de abrir CNPJ;<\/li>\n\n\n\n<li>contrata\u00e7\u00e3o de funcion\u00e1rios;<\/li>\n\n\n\n<li>aumento das despesas;<\/li>\n\n\n\n<li>d\u00favidas tribut\u00e1rias frequentes;<\/li>\n\n\n\n<li>necessidade de planejamento;<\/li>\n\n\n\n<li>atua\u00e7\u00e3o em mais de uma fonte de receita;<\/li>\n\n\n\n<li>expans\u00e3o do escrit\u00f3rio, consult\u00f3rio ou atividade.<\/li>\n<\/ul>\n\n\n\n<p class=\"wp-block-paragraph\">Um bom contador n\u00e3o deve apenas entregar guias.<\/p>\n\n\n\n<p class=\"wp-block-paragraph\">Ele precisa ajudar o profissional a entender o que os n\u00fameros significam.<\/p>\n\n\n\n<h2 class=\"wp-block-heading\">Contabilidade para profissionais liberais: organiza\u00e7\u00e3o traz liberdade<\/h2>\n\n\n\n<p class=\"wp-block-paragraph\">Quem escolhe uma profiss\u00e3o liberal normalmente busca autonomia.<\/p>\n\n\n\n<p class=\"wp-block-paragraph\">Autonomia para construir uma carreira, organizar a pr\u00f3pria agenda, desenvolver uma carteira de clientes e crescer de acordo com seus objetivos.<\/p>\n\n\n\n<p class=\"wp-block-paragraph\">Mas autonomia profissional tamb\u00e9m exige gest\u00e3o.<\/p>\n\n\n\n<p class=\"wp-block-paragraph\">E quanto mais a atividade cresce, mais importante se torna ter clareza sobre:<\/p>\n\n\n\n<p class=\"wp-block-paragraph\"><strong>quanto entra, quanto sai, quanto \u00e9 imposto, quanto \u00e9 resultado e quais decis\u00f5es podem ser tomadas com seguran\u00e7a.<\/strong><\/p>\n\n\n\n<p class=\"wp-block-paragraph\">Os cinco desafios que vimos \u2014 escolher entre pessoa f\u00edsica e jur\u00eddica, compreender obriga\u00e7\u00f5es tribut\u00e1rias, separar as finan\u00e7as, organizar documentos e usar os n\u00fameros para decidir \u2014 est\u00e3o profundamente conectados.<\/p>\n\n\n\n<p class=\"wp-block-paragraph\">Quando um deles n\u00e3o funciona, os demais tendem a ficar mais dif\u00edceis.<\/p>\n\n\n\n<p class=\"wp-block-paragraph\">Quando todos s\u00e3o bem administrados, o profissional ganha algo extremamente valioso:<\/p>\n\n\n\n<p class=\"wp-block-paragraph\"><strong>mais tempo e tranquilidade para se dedicar ao que realmente sabe fazer.<\/strong><\/p>\n\n\n\n<h2 class=\"wp-block-heading\">Como a Union Empresarial pode ajudar?<\/h2>\n\n\n\n<p class=\"wp-block-paragraph\">Voc\u00ea n\u00e3o precisa se tornar especialista em tributa\u00e7\u00e3o para exercer bem a sua profiss\u00e3o.<\/p>\n\n\n\n<p class=\"wp-block-paragraph\">Precisa ter ao lado uma contabilidade capaz de compreender a realidade da sua atividade.<\/p>\n\n\n\n<p class=\"wp-block-paragraph\">Na <strong>Union Empresarial<\/strong>, a proposta \u00e9 ir al\u00e9m do cumprimento de obriga\u00e7\u00f5es cont\u00e1beis e fiscais, ajudando profissionais e empresas a terem mais clareza para tomar decis\u00f5es.<\/p>\n\n\n\n<p class=\"wp-block-paragraph\">Se voc\u00ea \u00e9 profissional liberal e tem d\u00favidas sobre tributa\u00e7\u00e3o, organiza\u00e7\u00e3o financeira ou sobre a melhor estrutura para exercer sua atividade, vale analisar o seu cen\u00e1rio de forma individual.<\/p>\n\n\n\n<p class=\"wp-block-paragraph\"><strong>Quer entender qual caminho faz mais sentido para voc\u00ea?<\/strong><\/p>\n\n\n\n<p class=\"wp-block-paragraph\">\ud83d\udc49 <strong>Fale com a equipe da Union Empresarial pelo link dispon\u00edvel no site e descubra como podemos ajudar a tornar sua rotina cont\u00e1bil mais simples, organizada e estrat\u00e9gica.<\/strong><\/p>\n\n\n\n<h1 class=\"wp-block-heading\">Perguntas frequentes sobre contabilidade para profissionais liberais<\/h1>\n\n\n\n<h2 class=\"wp-block-heading\">1. Profissional liberal precisa ter CNPJ?<\/h2>\n\n\n\n<p class=\"wp-block-paragraph\">N\u00e3o necessariamente. Dependendo da profiss\u00e3o e da forma de atua\u00e7\u00e3o, \u00e9 poss\u00edvel trabalhar como pessoa f\u00edsica. Abrir um CNPJ deve ser uma decis\u00e3o baseada no faturamento, na atividade, nos custos, nas regras profissionais e tribut\u00e1rias e nos objetivos do profissional.<\/p>\n\n\n\n<h2 class=\"wp-block-heading\">2. Profissional liberal pode ser MEI?<\/h2>\n\n\n\n<p class=\"wp-block-paragraph\">Somente quando a atividade exercida estiver entre as ocupa\u00e7\u00f5es permitidas ao MEI e os demais requisitos forem atendidos. O enquadramento n\u00e3o est\u00e1 dispon\u00edvel automaticamente para todo profissional que trabalha por conta pr\u00f3pria.<\/p>\n\n\n\n<h2 class=\"wp-block-heading\">3. Profissional liberal que trabalha como pessoa f\u00edsica paga Carn\u00ea-Le\u00e3o?<\/h2>\n\n\n\n<p class=\"wp-block-paragraph\">Pessoas f\u00edsicas residentes no Brasil que recebem rendimentos sujeitos \u00e0s regras do Carn\u00ea-Le\u00e3o \u2014 inclusive determinados rendimentos de trabalho sem v\u00ednculo recebidos de outras pessoas f\u00edsicas ou do exterior \u2014 precisam fazer a apura\u00e7\u00e3o mensal conforme as normas da Receita Federal. A an\u00e1lise deve considerar a origem e a natureza dos rendimentos.<\/p>\n\n\n\n<h2 class=\"wp-block-heading\">4. Quais despesas um profissional liberal pode deduzir?<\/h2>\n\n\n\n<p class=\"wp-block-paragraph\">Existem situa\u00e7\u00f5es em que despesas necess\u00e1rias \u00e0 atividade podem ser escrituradas no Livro Caixa e consideradas de acordo com as regras tribut\u00e1rias. A Receita Federal estabelece requisitos, limites e tamb\u00e9m despesas que n\u00e3o s\u00e3o dedut\u00edveis; por isso, cada lan\u00e7amento precisa ser analisado corretamente.<\/p>\n\n\n\n<h2 class=\"wp-block-heading\">5. Quando vale a pena procurar uma contabilidade especializada?<\/h2>\n\n\n\n<p class=\"wp-block-paragraph\">Quanto antes as decis\u00f5es envolverem tributa\u00e7\u00e3o, crescimento, abertura de empresa, organiza\u00e7\u00e3o financeira ou planejamento, maior tende a ser o valor de uma orienta\u00e7\u00e3o individualizada. O melhor momento n\u00e3o \u00e9 necessariamente quando surge um problema, mas antes de tomar decis\u00f5es que ter\u00e3o impacto financeiro e tribut\u00e1rio.<\/p>\n","protected":false},"excerpt":{"rendered":"<p>Conhe\u00e7a os 5 principais desafios cont\u00e1beis dos profissionais liberais e veja como organizar impostos, finan\u00e7as e decis\u00f5es para trabalhar com mais seguran\u00e7a. M\u00e9dicos, dentistas, psic\u00f3logos, advogados, arquitetos, engenheiros, consultores e tantos outros profissionais liberais costumam dedicar anos ao desenvolvimento de suas compet\u00eancias t\u00e9cnicas. Mas existe uma \u00e1rea importante que, muitas vezes, n\u00e3o fez parte dessa [&hellip;]<\/p>\n","protected":false},"author":1,"featured_media":86,"comment_status":"open","ping_status":"open","sticky":false,"template":"","format":"standard","meta":{"footnotes":""},"categories":[1],"tags":[],"class_list":["post-85","post","type-post","status-publish","format-standard","has-post-thumbnail","hentry","category-sem-categoria"],"_links":{"self":[{"href":"https:\/\/unionempresarial.com.br\/blog\/wp-json\/wp\/v2\/posts\/85","targetHints":{"allow":["GET"]}}],"collection":[{"href":"https:\/\/unionempresarial.com.br\/blog\/wp-json\/wp\/v2\/posts"}],"about":[{"href":"https:\/\/unionempresarial.com.br\/blog\/wp-json\/wp\/v2\/types\/post"}],"author":[{"embeddable":true,"href":"https:\/\/unionempresarial.com.br\/blog\/wp-json\/wp\/v2\/users\/1"}],"replies":[{"embeddable":true,"href":"https:\/\/unionempresarial.com.br\/blog\/wp-json\/wp\/v2\/comments?post=85"}],"version-history":[{"count":1,"href":"https:\/\/unionempresarial.com.br\/blog\/wp-json\/wp\/v2\/posts\/85\/revisions"}],"predecessor-version":[{"id":87,"href":"https:\/\/unionempresarial.com.br\/blog\/wp-json\/wp\/v2\/posts\/85\/revisions\/87"}],"wp:featuredmedia":[{"embeddable":true,"href":"https:\/\/unionempresarial.com.br\/blog\/wp-json\/wp\/v2\/media\/86"}],"wp:attachment":[{"href":"https:\/\/unionempresarial.com.br\/blog\/wp-json\/wp\/v2\/media?parent=85"}],"wp:term":[{"taxonomy":"category","embeddable":true,"href":"https:\/\/unionempresarial.com.br\/blog\/wp-json\/wp\/v2\/categories?post=85"},{"taxonomy":"post_tag","embeddable":true,"href":"https:\/\/unionempresarial.com.br\/blog\/wp-json\/wp\/v2\/tags?post=85"}],"curies":[{"name":"wp","href":"https:\/\/api.w.org\/{rel}","templated":true}]}}